{"id":11030,"date":"2026-01-25T15:05:33","date_gmt":"2026-01-25T20:05:33","guid":{"rendered":"https:\/\/fondationguidomolinari.org\/en\/?p=11030"},"modified":"2026-04-30T15:05:55","modified_gmt":"2026-04-30T19:05:55","slug":"de-faire-ecole-a-etre-ecole-symposium-and-performances","status":"publish","type":"post","link":"https:\/\/fondationguidomolinari.org\/en\/de-faire-ecole-a-etre-ecole-symposium-and-performances\/","title":{"rendered":"<em>De Faire \u00e9cole \u00e0 \u00catre-\u00c9cole<\/em>: Symposium and performances"},"content":{"rendered":"\n<p><strong>Friday May 29th, 2026, from 1 pm to 5 pm. <\/strong><\/p>\n\n\n\n<p><em><strong>De Faire \u00e9cole \u00e0 \u00catre-\u00c9cole<\/strong><\/em> is a day of reflection, dialogue, and performances dedicated to ways of teaching, transmitting, and experiencing art, both within and outside of institutions. Open, free, and thoughtful encounters will take place with people of today and figures from the past who are looking toward the future.<br><br>Discussions will explore the history and paradoxes of arts education with <strong>Monique R\u00e9gimbald-Zeiber<\/strong> and <strong>Mario C\u00f4t\u00e9<\/strong>, particularly through the critical legacy of Guido Molinari and the turbulent period of 1968\u20131969, which saw experimentation with forms of pedagogical self-management.<br><br>Other presentations will highlight alternative and socially engaged educational practices: <strong>Sylvie Cotton<\/strong>\u2019s workshops both within and outside institutional settings; the decolonial and collaborative approaches of <strong>Romeo Gongora<\/strong>, who will be joined by <strong>Eluza Maria Gomes<\/strong>; and the critical explorations of <strong>karen elaine spencer<\/strong> and <strong>Nadia Myre<\/strong>. The day will be punctuated by sound installations by <strong>Philippe-Aubert Gauthier<\/strong>.<br><br>Full details and complete program can be found on our website.<br><br><strong>The event will take place at the Guido Molinari Foundation from 1 pm to 5 pm.<br>Free admission.<\/strong><\/p>\n\n\n\n<div class=\"wp-block-columns is-layout-flex wp-container-core-columns-is-layout-9d6595d7 wp-block-columns-is-layout-flex\">\n<div class=\"wp-block-column is-layout-flow wp-block-column-is-layout-flow\" style=\"flex-basis:45%\"><style>.kb-image11030_aa4a66-d6 .kb-image-has-overlay:after{opacity:0.3;}<\/style>\n<figure class=\"wp-block-kadence-image kb-image11030_aa4a66-d6 size-large\"><img decoding=\"async\" src=\"https:\/\/fondationguidomolinari.org\/wp-content\/uploads\/2026\/04\/01_GLH8850_Photo-Guy-LHeureux-1024x947.jpg\" alt=\"\" class=\"kb-img wp-image-12021\"\/><figcaption><em>Design and Communication pilot project presented on December 16th, 1968, and carried out from May 12th to 19th, 1969. M. Benoit, C. Fauteux, F. Lariv\u00e9e, L. Nantel, M. Raymond, and J. Rousseau.<\/em><\/figcaption><\/figure>\n<\/div>\n\n\n\n<div class=\"wp-block-column is-layout-flow wp-block-column-is-layout-flow\" style=\"flex-basis:55%\"><style>.kb-image11030_e8d1f1-40 .kb-image-has-overlay:after{opacity:0.3;}<\/style>\n<figure class=\"wp-block-kadence-image kb-image11030_e8d1f1-40 size-large\"><img decoding=\"async\" src=\"https:\/\/fondationguidomolinari.org\/wp-content\/uploads\/2026\/04\/02_LabARD-1024x768.jpg\" alt=\"\" class=\"kb-img wp-image-12020\"\/><figcaption><em>Laboratoire d\u2019art et de recherche d\u00e9coloniaux, LabARD, (Zambie\/Montr\u00e9al). Embodied Memories and the Refusal of Amnesia, as part of Konbit: Diasporic Territories, 19 March 2026, Montreal, Canada. Panel discussion on colonial erasure and practices of resistance. Photo: LabARD, 2026.<\/em><\/figcaption><\/figure>\n<\/div>\n<\/div>\n\n\n\n<p><strong>Program:<\/strong><\/p>\n\n\n\n<div data-wp-interactive=\"core\/file\" class=\"wp-block-file\"><object data-wp-bind--hidden=\"!state.hasPdfPreview\" hidden class=\"wp-block-file__embed\" data=\"https:\/\/fondationguidomolinari.org\/wp-content\/uploads\/2026\/04\/Programme_De-Faire-ecole-a-Etre-Ecole-1.pdf\" type=\"application\/pdf\" style=\"width:100%;height:600px\" aria-label=\"Embed of Programme_De Faire e\u0301cole a\u0300 E\u0302tre-E\u0301cole.\"><\/object><a id=\"wp-block-file--media-e026e8e2-1de6-4cd8-9dc4-651d19da85fb\" href=\"https:\/\/fondationguidomolinari.org\/wp-content\/uploads\/2026\/04\/Programme_De-Faire-ecole-a-Etre-Ecole-1.pdf\">Programme_De Faire e\u0301cole a\u0300 E\u0302tre-E\u0301cole<\/a><a href=\"https:\/\/fondationguidomolinari.org\/wp-content\/uploads\/2026\/04\/Programme_De-Faire-ecole-a-Etre-Ecole-1.pdf\" class=\"wp-block-file__button wp-element-button\" download aria-describedby=\"wp-block-file--media-e026e8e2-1de6-4cd8-9dc4-651d19da85fb\">T\u00e9l\u00e9charger<\/a><\/div>\n<input class=\"fooboxshare_post_id\" type=\"hidden\" value=\"11030\"\/>","protected":false},"excerpt":{"rendered":"<p>Friday May 29th, 2026, from 1 pm to 5 pm. De Faire \u00e9cole \u00e0 \u00catre-\u00c9cole is a day of reflection, dialogue, and performances dedicated to ways of teaching, transmitting, and experiencing art, both within and outside of institutions. Open, free, and thoughtful encounters will take place with people of today and figures from the past &#8230; <\/p>\n<p class=\"read-more-container\"><a title=\"De Faire \u00e9cole \u00e0 \u00catre-\u00c9cole: Symposium and performances\" class=\"read-more button\" href=\"https:\/\/fondationguidomolinari.org\/en\/de-faire-ecole-a-etre-ecole-symposium-and-performances\/#more-11030\" aria-label=\"Read more about De Faire \u00e9cole \u00e0 \u00catre-\u00c9cole: Symposium and performances\">Read more<\/a><\/p>\n","protected":false},"author":7,"featured_media":11031,"comment_status":"open","ping_status":"open","sticky":false,"template":"","format":"standard","meta":{"_acf_changed":false,"_seopress_robots_primary_cat":"","_seopress_titles_title":"","_seopress_titles_desc":"","_seopress_robots_index":"","inline_featured_image":false,"_kad_blocks_custom_css":"","_kad_blocks_head_custom_js":"","_kad_blocks_body_custom_js":"","_kad_blocks_footer_custom_js":"","ngg_post_thumbnail":0,"footnotes":""},"categories":[8,2,11],"tags":[],"class_list":["post-11030","post","type-post","status-publish","format-standard","has-post-thumbnail","hentry","category-events","category-programming","category-upcoming-events","generate-columns","tablet-grid-50","mobile-grid-100","grid-parent","grid-33"],"acf":{"programmation_plage_de_dates":"May 29th, 2026"},"taxonomy_info":{"category":[{"value":8,"label":"Events"},{"value":2,"label":"Programming"},{"value":11,"label":"Upcoming Events"}]},"featured_image_src_large":["https:\/\/fondationguidomolinari.org\/en\/wp-content\/uploads\/sites\/2\/2026\/04\/3.png",1000,750,false],"author_info":{"display_name":"Fondation Guido Molinari","author_link":"https:\/\/fondationguidomolinari.org\/en"},"comment_info":0,"category_info":[{"term_id":8,"name":"Events","slug":"events","term_group":0,"term_taxonomy_id":8,"taxonomy":"category","description":"","parent":2,"count":83,"filter":"raw","cat_ID":8,"category_count":83,"category_description":"","cat_name":"Events","category_nicename":"events","category_parent":2},{"term_id":2,"name":"Programming","slug":"programming","term_group":0,"term_taxonomy_id":2,"taxonomy":"category","description":"","parent":0,"count":144,"filter":"raw","cat_ID":2,"category_count":144,"category_description":"","cat_name":"Programming","category_nicename":"programming","category_parent":0},{"term_id":11,"name":"Upcoming Events","slug":"upcoming-events","term_group":0,"term_taxonomy_id":11,"taxonomy":"category","description":"","parent":8,"count":4,"filter":"raw","cat_ID":11,"category_count":4,"category_description":"","cat_name":"Upcoming Events","category_nicename":"upcoming-events","category_parent":8}],"tag_info":false,"_links":{"self":[{"href":"https:\/\/fondationguidomolinari.org\/en\/wp-json\/wp\/v2\/posts\/11030","targetHints":{"allow":["GET"]}}],"collection":[{"href":"https:\/\/fondationguidomolinari.org\/en\/wp-json\/wp\/v2\/posts"}],"about":[{"href":"https:\/\/fondationguidomolinari.org\/en\/wp-json\/wp\/v2\/types\/post"}],"author":[{"embeddable":true,"href":"https:\/\/fondationguidomolinari.org\/en\/wp-json\/wp\/v2\/users\/7"}],"replies":[{"embeddable":true,"href":"https:\/\/fondationguidomolinari.org\/en\/wp-json\/wp\/v2\/comments?post=11030"}],"version-history":[{"count":1,"href":"https:\/\/fondationguidomolinari.org\/en\/wp-json\/wp\/v2\/posts\/11030\/revisions"}],"predecessor-version":[{"id":11032,"href":"https:\/\/fondationguidomolinari.org\/en\/wp-json\/wp\/v2\/posts\/11030\/revisions\/11032"}],"wp:featuredmedia":[{"embeddable":true,"href":"https:\/\/fondationguidomolinari.org\/en\/wp-json\/wp\/v2\/media\/11031"}],"wp:attachment":[{"href":"https:\/\/fondationguidomolinari.org\/en\/wp-json\/wp\/v2\/media?parent=11030"}],"wp:term":[{"taxonomy":"category","embeddable":true,"href":"https:\/\/fondationguidomolinari.org\/en\/wp-json\/wp\/v2\/categories?post=11030"},{"taxonomy":"post_tag","embeddable":true,"href":"https:\/\/fondationguidomolinari.org\/en\/wp-json\/wp\/v2\/tags?post=11030"}],"curies":[{"name":"wp","href":"https:\/\/api.w.org\/{rel}","templated":true}]}}